{"id":7127,"date":"2021-01-05T20:45:00","date_gmt":"2021-01-05T18:45:00","guid":{"rendered":"https:\/\/www.cemis.bg\/?p=7127"},"modified":"2021-08-17T16:53:24","modified_gmt":"2021-08-17T14:53:24","slug":"introductory-conference-on-project-bg0036","status":"publish","type":"post","link":"https:\/\/www.cemis.bg\/de\/introductory-conference-on-project-bg0036\/","title":{"rendered":"Einf\u00fchrungskonferenz zum Projekt BG0036"},"content":{"rendered":"<div data-elementor-type=\"wp-post\" data-elementor-id=\"7127\" class=\"elementor elementor-7127\">\n\t\t\t\t\t\t<div class=\"elementor-inner\">\n\t\t\t\t<div class=\"elementor-section-wrap\">\n\t\t\t\t\t\t\t\t\t<section class=\"elementor-section elementor-top-section elementor-element elementor-element-c35df90 elementor-section-boxed elementor-section-height-default elementor-section-height-default\" data-id=\"c35df90\" data-element_type=\"section\">\n\t\t\t\t\t\t<div class=\"elementor-container elementor-column-gap-default\">\n\t\t\t\t\t\t\t<div class=\"elementor-row\">\n\t\t\t\t\t<div class=\"elementor-column elementor-col-100 elementor-top-column elementor-element elementor-element-6f2a634\" data-id=\"6f2a634\" data-element_type=\"column\">\n\t\t\t<div class=\"elementor-column-wrap elementor-element-populated\">\n\t\t\t\t\t\t\t<div class=\"elementor-widget-wrap\">\n\t\t\t\t\t\t<div class=\"elementor-element elementor-element-f3c89cb elementor-widget elementor-widget-text-editor\" data-id=\"f3c89cb\" data-element_type=\"widget\" data-widget_type=\"text-editor.default\">\n\t\t\t\t<div class=\"elementor-widget-container\">\n\t\t\t\t\t\t\t\t<div class=\"elementor-text-editor elementor-clearfix\">\n\t\t\t\tEine Online-Konferenz zur Einf\u00fchrung in das Projekt\u00a0<b>\u2116BG16M1OP002-2.009-0036 \"Pilot-Demonstrationsmodell f\u00fcr die Kreislaufwirtschaft\"<\/b>\u00a0wurde am 17. Dezember im Rahmen des operationellen Programms \"Umwelt 2014-2020\" abgehalten, das vom Europ\u00e4ischen Fonds f\u00fcr regionale Entwicklung EU-Entwicklung kofinanziert wird.<br clear=\"none\" \/><br clear=\"none\" \/>Die Veranstaltung zog Teilnehmer aus allen Zielgruppen an - aus der staatlichen und kommunalen Verwaltung, der Wirtschaft, dem nichtstaatlichen und zivilen Sektor sowie der breiten \u00d6ffentlichkeit.<br clear=\"none\" \/><br clear=\"none\" \/>Die Referenten der Konferenz waren\u00a0<a href=\"https:\/\/www.cemis.bg\/de\/aboutus\/cvetomir-kalchev\/\" target=\"_blank\" rel=\"noopener\">Tsvetomir Kalchev<\/a>, Projektleiter;\u00a0<a href=\"https:\/\/www.cemis.bg\/de\/aboutus\/elitsa-hristova\/\" target=\"_blank\" rel=\"noopener\">Elitsa Hristova<\/a>, Moderatorin;\u00a0<a href=\"https:\/\/www.cemis.bg\/de\/aboutus\/svetlana-bojkova\/\" target=\"_blank\" rel=\"noopener\">Svetlana Bozhkova<\/a>, thematischer Experte \"Abfallwirtschaft\";\u00a0<a href=\"https:\/\/www.cemis.bg\/de\/aboutus\/victoria-belokonska\/\" target=\"_blank\" rel=\"noopener\">Viktoria Belokonska<\/a>, thematischer Experte f\u00fcr Abfallsammlung und -behandlung und\u00a0<a href=\"https:\/\/www.cemis.bg\/de\/aboutus\/george-zashev\/\" target=\"_blank\" rel=\"noopener\">George Zashev<\/a>Thematischer Experte f\u00fcr \"Informationstechnologie und Datenbanken\".<br clear=\"none\" \/><br clear=\"none\" \/>W\u00e4hrend der Konferenz stellten die Experten die Projektaktivit\u00e4ten, ihre Ziele, Vorteile, Nutzen und M\u00f6glichkeiten vor. In der anschlie\u00dfenden Diskussion nach der Pr\u00e4sentation stellten Experten und Teilnehmer wichtige Fragen, diskutierten neue Ideen und bekr\u00e4ftigten ihre k\u00fcnftige Partnerschaft und Zusammenarbeit.<br clear=\"none\" \/><br clear=\"none\" \/><i>Im Namen des gesamten Teams von MAGISTERIUM Ltd. bedanken wir uns f\u00fcr die Teilnahme an der Er\u00f6ffnungskonferenz des Projekts \u2116BG16M1OP002-2 009-0036 \"Pilot-Demonstrationsmodell f\u00fcr die Kreislaufwirtschaft\", das vom Operationellen Programm \"Umwelt 2014 - 2020\" kofinanziert wird.<\/i><br clear=\"none\" \/><br clear=\"none\" \/>Die gesamte Pr\u00e4sentation kann\u00a0<a class=\"mtli_attachment mtli_pdf mtli_attachment mtli_pdf\" href=\"https:\/\/magisterium.bg\/wp-content\/uploads\/2020\/12\/Introductory-conference-on-project-BG0036.pdf\" target=\"_blank\" rel=\"noopener\">hier heruntergeladen<\/a>.\n<br clear=\"none\" \/><br clear=\"none\" \/>\n<p align=\"center\"><iframe style=\"border: 3px solid #EEE; width: 800px; height: 350px;\" src=\"https:\/\/www.youtube.com\/embed\/RRknewgxAbo\" frameborder=\"0\" allowfullscreen=\"allowfullscreen\"><\/iframe><\/p>\t\t\t\t\t<\/div>\n\t\t\t\t\t\t<\/div>\n\t\t\t\t<\/div>\n\t\t\t\t\t\t<\/div>\n\t\t\t\t\t<\/div>\n\t\t<\/div>\n\t\t\t\t\t\t\t\t<\/div>\n\t\t\t\t\t<\/div>\n\t\t<\/section>\n\t\t\t\t\t\t\t\t\t<\/div>\n\t\t\t<\/div>\n\t\t\t\t\t<\/div>","protected":false},"excerpt":{"rendered":"<p>Am 17. Dezember fand eine Online-Einf\u00fchrungsveranstaltung zum Projekt \u2116BG16M1OP002-2.009-0036 \"Pilot-Demonstrationsmodell f\u00fcr die Kreislaufwirtschaft\" statt, das im Rahmen des operationellen Programms \"Umwelt 2014-2020\" aus Mitteln des Europ\u00e4ischen Fonds f\u00fcr regionale Entwicklung EU kofinanziert wird und an dem Teilnehmer aus allen Zielgruppen - staatliche und kommunale Verwaltung, Wirtschaft, Nichtregierungsorganisationen, Zivilgesellschaft und \u00d6ffentlichkeit - teilnahmen.<\/p>","protected":false},"author":1,"featured_media":0,"comment_status":"open","ping_status":"open","sticky":false,"template":"","format":"standard","meta":{"_mi_skip_tracking":false,"_monsterinsights_sitenote_active":false,"_monsterinsights_sitenote_note":"","_monsterinsights_sitenote_category":0,"footnotes":""},"categories":[26,1],"tags":[],"class_list":["post-7127","post","type-post","status-publish","format-standard","hentry","category-cemis-","category-news","entry"],"yoast_head":"<!-- This site is optimized with the Yoast SEO plugin v20.10 - https:\/\/yoast.com\/wordpress\/plugins\/seo\/ -->\n<title>Introductory conference on project BG0036 - CEMIS<\/title>\n<meta name=\"robots\" content=\"index, follow, max-snippet:-1, max-image-preview:large, max-video-preview:-1\" \/>\n<link rel=\"canonical\" href=\"https:\/\/www.cemis.bg\/de\/introductory-conference-on-project-bg0036\/\" \/>\n<meta property=\"og:locale\" content=\"de_DE\" \/>\n<meta property=\"og:type\" content=\"article\" \/>\n<meta property=\"og:title\" content=\"Introductory conference on project BG0036 - CEMIS\" \/>\n<meta property=\"og:description\" content=\"An online introductory conference on the project&nbsp;\u2116BG16M1OP002-2.009-0036 \u201cPilot demonstration model for circular economy\u201d&nbsp;was held on December 17, funded by the Operational Program \u201cEnvironment 2014-2020\u201d, co-financed by the European Regional Development Fund EU development.The event attracted participants from all target groups \u2013 state and municipal administration, business, non-governmental and civil sector and the general public.Presenters at [&hellip;]\" \/>\n<meta property=\"og:url\" content=\"https:\/\/www.cemis.bg\/de\/introductory-conference-on-project-bg0036\/\" \/>\n<meta property=\"og:site_name\" content=\"CEMIS\" \/>\n<meta property=\"article:published_time\" content=\"2021-01-05T18:45:00+00:00\" \/>\n<meta property=\"article:modified_time\" content=\"2021-08-17T14:53:24+00:00\" \/>\n<meta name=\"author\" content=\"CEMIS\" \/>\n<meta name=\"twitter:card\" content=\"summary_large_image\" \/>\n<meta name=\"twitter:label1\" content=\"Verfasst von\" \/>\n\t<meta name=\"twitter:data1\" content=\"CEMIS\" \/>\n\t<meta name=\"twitter:label2\" content=\"Gesch\u00e4tzte Lesezeit\" \/>\n\t<meta name=\"twitter:data2\" content=\"1\u00a0Minute\" \/>\n<script type=\"application\/ld+json\" class=\"yoast-schema-graph\">{\"@context\":\"https:\/\/schema.org\",\"@graph\":[{\"@type\":\"Article\",\"@id\":\"https:\/\/www.cemis.bg\/en\/introductory-conference-on-project-bg0036\/#article\",\"isPartOf\":{\"@id\":\"https:\/\/www.cemis.bg\/en\/introductory-conference-on-project-bg0036\/\"},\"author\":{\"name\":\"CEMIS\",\"@id\":\"https:\/\/www.cemis.bg\/en\/#\/schema\/person\/4aed489c6a761f2c3562d0be92482ce9\"},\"headline\":\"Introductory conference on project BG0036\",\"datePublished\":\"2021-01-05T18:45:00+00:00\",\"dateModified\":\"2021-08-17T14:53:24+00:00\",\"mainEntityOfPage\":{\"@id\":\"https:\/\/www.cemis.bg\/en\/introductory-conference-on-project-bg0036\/\"},\"wordCount\":202,\"commentCount\":0,\"publisher\":{\"@id\":\"https:\/\/www.cemis.bg\/en\/#organization\"},\"articleSection\":[\"About CEMIS\",\"News\"],\"inLanguage\":\"de\",\"potentialAction\":[{\"@type\":\"CommentAction\",\"name\":\"Comment\",\"target\":[\"https:\/\/www.cemis.bg\/en\/introductory-conference-on-project-bg0036\/#respond\"]}]},{\"@type\":\"WebPage\",\"@id\":\"https:\/\/www.cemis.bg\/en\/introductory-conference-on-project-bg0036\/\",\"url\":\"https:\/\/www.cemis.bg\/en\/introductory-conference-on-project-bg0036\/\",\"name\":\"Introductory conference on project BG0036 - CEMIS\",\"isPartOf\":{\"@id\":\"https:\/\/www.cemis.bg\/en\/#website\"},\"datePublished\":\"2021-01-05T18:45:00+00:00\",\"dateModified\":\"2021-08-17T14:53:24+00:00\",\"breadcrumb\":{\"@id\":\"https:\/\/www.cemis.bg\/en\/introductory-conference-on-project-bg0036\/#breadcrumb\"},\"inLanguage\":\"de\",\"potentialAction\":[{\"@type\":\"ReadAction\",\"target\":[\"https:\/\/www.cemis.bg\/en\/introductory-conference-on-project-bg0036\/\"]}]},{\"@type\":\"BreadcrumbList\",\"@id\":\"https:\/\/www.cemis.bg\/en\/introductory-conference-on-project-bg0036\/#breadcrumb\",\"itemListElement\":[{\"@type\":\"ListItem\",\"position\":1,\"name\":\"Home\",\"item\":\"https:\/\/www.cemis.bg\/\"},{\"@type\":\"ListItem\",\"position\":2,\"name\":\"Introductory conference on project BG0036\"}]},{\"@type\":\"WebSite\",\"@id\":\"https:\/\/www.cemis.bg\/en\/#website\",\"url\":\"https:\/\/www.cemis.bg\/en\/\",\"name\":\"CEMIS\",\"description\":\"Circular Economy Management Information System\",\"publisher\":{\"@id\":\"https:\/\/www.cemis.bg\/en\/#organization\"},\"potentialAction\":[{\"@type\":\"SearchAction\",\"target\":{\"@type\":\"EntryPoint\",\"urlTemplate\":\"https:\/\/www.cemis.bg\/en\/?s={search_term_string}\"},\"query-input\":\"required name=search_term_string\"}],\"inLanguage\":\"de\"},{\"@type\":\"Organization\",\"@id\":\"https:\/\/www.cemis.bg\/en\/#organization\",\"name\":\"CEMIS\",\"url\":\"https:\/\/www.cemis.bg\/en\/\",\"logo\":{\"@type\":\"ImageObject\",\"inLanguage\":\"de\",\"@id\":\"https:\/\/www.cemis.bg\/en\/#\/schema\/logo\/image\/\",\"url\":\"https:\/\/www.cemis.bg\/wp-content\/uploads\/2021\/10\/CEMIS-Logo-White1-2048x757-1.gif\",\"contentUrl\":\"https:\/\/www.cemis.bg\/wp-content\/uploads\/2021\/10\/CEMIS-Logo-White1-2048x757-1.gif\",\"width\":2048,\"height\":757,\"caption\":\"CEMIS\"},\"image\":{\"@id\":\"https:\/\/www.cemis.bg\/en\/#\/schema\/logo\/image\/\"}},{\"@type\":\"Person\",\"@id\":\"https:\/\/www.cemis.bg\/en\/#\/schema\/person\/4aed489c6a761f2c3562d0be92482ce9\",\"name\":\"CEMIS\",\"image\":{\"@type\":\"ImageObject\",\"inLanguage\":\"de\",\"@id\":\"https:\/\/www.cemis.bg\/en\/#\/schema\/person\/image\/\",\"url\":\"\/\/www.cemis.bg\/wp-content\/uploads\/wpforo\/avatars\/cemis_1.png\",\"contentUrl\":\"\/\/www.cemis.bg\/wp-content\/uploads\/wpforo\/avatars\/cemis_1.png\",\"caption\":\"CEMIS\"},\"sameAs\":[\"https:\/\/www.cemis.bg\"],\"url\":\"https:\/\/www.cemis.bg\/de\/participant\/1\/\"}]}<\/script>\n<!-- \/ Yoast SEO plugin. -->","yoast_head_json":{"title":"Introductory conference on project BG0036 - CEMIS","robots":{"index":"index","follow":"follow","max-snippet":"max-snippet:-1","max-image-preview":"max-image-preview:large","max-video-preview":"max-video-preview:-1"},"canonical":"https:\/\/www.cemis.bg\/de\/introductory-conference-on-project-bg0036\/","og_locale":"de_DE","og_type":"article","og_title":"Introductory conference on project BG0036 - CEMIS","og_description":"An online introductory conference on the project&nbsp;\u2116BG16M1OP002-2.009-0036 \u201cPilot demonstration model for circular economy\u201d&nbsp;was held on December 17, funded by the Operational Program \u201cEnvironment 2014-2020\u201d, co-financed by the European Regional Development Fund EU development.The event attracted participants from all target groups \u2013 state and municipal administration, business, non-governmental and civil sector and the general public.Presenters at [&hellip;]","og_url":"https:\/\/www.cemis.bg\/de\/introductory-conference-on-project-bg0036\/","og_site_name":"CEMIS","article_published_time":"2021-01-05T18:45:00+00:00","article_modified_time":"2021-08-17T14:53:24+00:00","author":"CEMIS","twitter_card":"summary_large_image","twitter_misc":{"Verfasst von":"CEMIS","Gesch\u00e4tzte Lesezeit":"1\u00a0Minute"},"schema":{"@context":"https:\/\/schema.org","@graph":[{"@type":"Article","@id":"https:\/\/www.cemis.bg\/en\/introductory-conference-on-project-bg0036\/#article","isPartOf":{"@id":"https:\/\/www.cemis.bg\/en\/introductory-conference-on-project-bg0036\/"},"author":{"name":"CEMIS","@id":"https:\/\/www.cemis.bg\/en\/#\/schema\/person\/4aed489c6a761f2c3562d0be92482ce9"},"headline":"Introductory conference on project BG0036","datePublished":"2021-01-05T18:45:00+00:00","dateModified":"2021-08-17T14:53:24+00:00","mainEntityOfPage":{"@id":"https:\/\/www.cemis.bg\/en\/introductory-conference-on-project-bg0036\/"},"wordCount":202,"commentCount":0,"publisher":{"@id":"https:\/\/www.cemis.bg\/en\/#organization"},"articleSection":["About CEMIS","News"],"inLanguage":"de","potentialAction":[{"@type":"CommentAction","name":"Comment","target":["https:\/\/www.cemis.bg\/en\/introductory-conference-on-project-bg0036\/#respond"]}]},{"@type":"WebPage","@id":"https:\/\/www.cemis.bg\/en\/introductory-conference-on-project-bg0036\/","url":"https:\/\/www.cemis.bg\/en\/introductory-conference-on-project-bg0036\/","name":"Introductory conference on project BG0036 - CEMIS","isPartOf":{"@id":"https:\/\/www.cemis.bg\/en\/#website"},"datePublished":"2021-01-05T18:45:00+00:00","dateModified":"2021-08-17T14:53:24+00:00","breadcrumb":{"@id":"https:\/\/www.cemis.bg\/en\/introductory-conference-on-project-bg0036\/#breadcrumb"},"inLanguage":"de","potentialAction":[{"@type":"ReadAction","target":["https:\/\/www.cemis.bg\/en\/introductory-conference-on-project-bg0036\/"]}]},{"@type":"BreadcrumbList","@id":"https:\/\/www.cemis.bg\/en\/introductory-conference-on-project-bg0036\/#breadcrumb","itemListElement":[{"@type":"ListItem","position":1,"name":"Home","item":"https:\/\/www.cemis.bg\/"},{"@type":"ListItem","position":2,"name":"Introductory conference on project BG0036"}]},{"@type":"WebSite","@id":"https:\/\/www.cemis.bg\/en\/#website","url":"https:\/\/www.cemis.bg\/en\/","name":"CEMIS","description":"Circular Economy Management Information System","publisher":{"@id":"https:\/\/www.cemis.bg\/en\/#organization"},"potentialAction":[{"@type":"SearchAction","target":{"@type":"EntryPoint","urlTemplate":"https:\/\/www.cemis.bg\/en\/?s={search_term_string}"},"query-input":"required name=search_term_string"}],"inLanguage":"de"},{"@type":"Organization","@id":"https:\/\/www.cemis.bg\/en\/#organization","name":"CEMIS","url":"https:\/\/www.cemis.bg\/en\/","logo":{"@type":"ImageObject","inLanguage":"de","@id":"https:\/\/www.cemis.bg\/en\/#\/schema\/logo\/image\/","url":"https:\/\/www.cemis.bg\/wp-content\/uploads\/2021\/10\/CEMIS-Logo-White1-2048x757-1.gif","contentUrl":"https:\/\/www.cemis.bg\/wp-content\/uploads\/2021\/10\/CEMIS-Logo-White1-2048x757-1.gif","width":2048,"height":757,"caption":"CEMIS"},"image":{"@id":"https:\/\/www.cemis.bg\/en\/#\/schema\/logo\/image\/"}},{"@type":"Person","@id":"https:\/\/www.cemis.bg\/en\/#\/schema\/person\/4aed489c6a761f2c3562d0be92482ce9","name":"CEMIS","image":{"@type":"ImageObject","inLanguage":"de","@id":"https:\/\/www.cemis.bg\/en\/#\/schema\/person\/image\/","url":"\/\/www.cemis.bg\/wp-content\/uploads\/wpforo\/avatars\/cemis_1.png","contentUrl":"\/\/www.cemis.bg\/wp-content\/uploads\/wpforo\/avatars\/cemis_1.png","caption":"CEMIS"},"sameAs":["https:\/\/www.cemis.bg"],"url":"https:\/\/www.cemis.bg\/de\/participant\/1\/"}]}},"_links":{"self":[{"href":"https:\/\/www.cemis.bg\/de\/wp-json\/wp\/v2\/posts\/7127","targetHints":{"allow":["GET"]}}],"collection":[{"href":"https:\/\/www.cemis.bg\/de\/wp-json\/wp\/v2\/posts"}],"about":[{"href":"https:\/\/www.cemis.bg\/de\/wp-json\/wp\/v2\/types\/post"}],"author":[{"embeddable":true,"href":"https:\/\/www.cemis.bg\/de\/wp-json\/wp\/v2\/users\/1"}],"replies":[{"embeddable":true,"href":"https:\/\/www.cemis.bg\/de\/wp-json\/wp\/v2\/comments?post=7127"}],"version-history":[{"count":16,"href":"https:\/\/www.cemis.bg\/de\/wp-json\/wp\/v2\/posts\/7127\/revisions"}],"predecessor-version":[{"id":14994,"href":"https:\/\/www.cemis.bg\/de\/wp-json\/wp\/v2\/posts\/7127\/revisions\/14994"}],"wp:attachment":[{"href":"https:\/\/www.cemis.bg\/de\/wp-json\/wp\/v2\/media?parent=7127"}],"wp:term":[{"taxonomy":"category","embeddable":true,"href":"https:\/\/www.cemis.bg\/de\/wp-json\/wp\/v2\/categories?post=7127"},{"taxonomy":"post_tag","embeddable":true,"href":"https:\/\/www.cemis.bg\/de\/wp-json\/wp\/v2\/tags?post=7127"}],"curies":[{"name":"wp","href":"https:\/\/api.w.org\/{rel}","templated":true}]}}